{"id":115036,"date":"2021-04-22T08:47:20","date_gmt":"2021-04-22T08:47:20","guid":{"rendered":"https:\/\/lighthouselocarno.ch\/journee-de-la-terre-2021-decouvrez-les-meilleurs-ecotextiles-pour-la-maison\/"},"modified":"2023-05-09T19:52:54","modified_gmt":"2023-05-09T19:52:54","slug":"journee-de-la-terre-2021-decouvrez-les-meilleurs-ecotextiles-pour-la-maison","status":"publish","type":"post","link":"https:\/\/lighthouselocarno.ch\/fr\/journee-de-la-terre-2021-decouvrez-les-meilleurs-ecotextiles-pour-la-maison\/","title":{"rendered":"Journ\u00e9e de la Terre 2021 : d\u00e9couvrez les meilleurs \u00e9cotextiles pour la maison"},"content":{"rendered":"\n<h2 class=\"wp-block-heading\">\u00c0 l&rsquo;occasion de la Journ\u00e9e de la Terre 2021, je vais vous parler d&rsquo;un tissu \u00e9cologique qui est bon pour l&rsquo;environnement et pour votre peau : le lin.<\/h2>\n\n<p>L&rsquo;\u00e9v\u00e9nement du jour, la Journ\u00e9e de la Terre <strong>2021<\/strong> ou Journ\u00e9e mondiale de la Terre, est un \u00e9v\u00e9nement international dont l&rsquo;objectif est de sensibiliser le monde \u00e0 la <strong>durabilit\u00e9 environnementale<\/strong> et \u00e0 la <strong>pr\u00e9servation de notre plan\u00e8te<\/strong>. Chaque ann\u00e9e, un th\u00e8me diff\u00e9rent est mis \u00e0 l&rsquo;honneur et se concentre sur les actions urgentes \u00e0 entreprendre pour <strong>prendre soin de la terre<\/strong> et la faire prosp\u00e9rer en harmonie.<\/p>\n\n<p>Le th\u00e8me au c\u0153ur de la <strong>Journ\u00e9e internationale de la Terre 2021<\/strong> est \u00abRestaurons notre Terre\u00bb qui, tout en rappelant l&rsquo;importance de r\u00e9duire notre impact sur l&rsquo;environnement, fait \u00e9galement un clin d&rsquo;\u0153il au d\u00e9sir de renaissance que ressentent toutes les nations suite aux effets de la pand\u00e9mie.<\/p>\n\n<h3 class=\"wp-block-heading\">Journ\u00e9e mondiale de la Terre 2021 : quelles sont ses origines ?<\/h3>\n\n<p>La Journ\u00e9e internationale de la Terre, \u00e0 l&rsquo;\u00e9poque simplement appel\u00e9e \u00abJourn\u00e9e de la Terre\u00bb, a \u00e9t\u00e9 promue pour la premi\u00e8re fois, apr\u00e8s quelques tentatives, le 22 avril 1970 aux \u00c9tats-Unis par John McConnell.<\/p>\n\n<p>McConnell, militant pour l&rsquo;\u00e9cologie et la paix, soutient que les \u00eatres humains ont l&rsquo;obligation de prendre soin de la terre <strong>en partageant \u00e9quitablement les ressources<\/strong>. C&rsquo;est pourquoi il a propos\u00e9 l&rsquo;instauration d&rsquo;une journ\u00e9e nationale pour sensibiliser la population am\u00e9ricaine \u00e0 la n\u00e9cessit\u00e9 de respecter les ressources environnementales. L&rsquo;initiative, soumise \u00e0 l&rsquo;UNESCO d\u00e8s 1969, s&rsquo;est concr\u00e9tis\u00e9e l&rsquo;ann\u00e9e suivante, impliquant finalement jusqu&rsquo;\u00e0 180 nations et, peu \u00e0 peu, le reste du monde. En 1990, la Journ\u00e9e internationale de la Terre a mobilis\u00e9 141 pays et un total de 200 millions de personnes, transformant l&rsquo;\u00e9v\u00e9nement, qui avait lieu jusqu&rsquo;alors tous les dix ans, en un<strong> \u00e9v\u00e9nement annuel<\/strong>.<\/p>\n\n<p>A noter \u00e9galement l&rsquo;\u00e9dition 2000, ann\u00e9e o\u00f9 l&rsquo;av\u00e8nement d&rsquo;Internet et la participation de personnalit\u00e9s du show-business (dont Leonardo Di Caprio) ont contribu\u00e9 \u00e0 la diffusion mondiale de l&rsquo;\u00e9v\u00e9nement.<\/p>\n\n<h3 class=\"wp-block-heading\">Journ\u00e9e de la Terre 2021 et mode : initiatives en faveur du d\u00e9veloppement durable<\/h3>\n\n<p>Le monde de la mode, qui repr\u00e9sente l&rsquo;un des <strong>secteurs de production les plus polluants<\/strong>, a \u00e9galement r\u00e9pondu cette ann\u00e9e \u00e0 l&rsquo;appel en s&rsquo;engageant dans de multiples initiatives visant \u00e0 mettre en \u0153uvre des comportements et des <strong>techniques plus durables<\/strong> au sein de son organisation.<\/p>\n\n<p>Plusieurs marques ont en effet propos\u00e9 des <strong>alternatives durables <\/strong>pour la production de sacs et de bijoux. Certaines entreprises, en revanche, se sont engag\u00e9es \u00e0 mettre en \u0153uvre des processus de production visant \u00e0 pr\u00e9server les conditions de travail de leurs employ\u00e9s. Cependant, chaque fois que l&rsquo;on parle d&rsquo;\u00e9cologie, de journ\u00e9e de la terre et de durabilit\u00e9, je ne peux m&#8217;emp\u00eacher de regarder mon magasin lumineux et de poser mes yeux sur les <strong>produits les plus respectueux de l&rsquo;environnement <\/strong>qui m&rsquo;entourent&#8230; et ils ne sont pas rares !<\/p>\n\n<p>Mais quel est le <strong>tissu le plus respectueux de l&rsquo;environnement<\/strong> que l&rsquo;on ne peut manquer de trouver chez Light House Accessoires ? Certains d&rsquo;entre vous, en particulier ceux qui me suivent depuis le d\u00e9but, connaissent la r\u00e9ponse \u00e0 cette question !<\/p>\n\n<div class=\"wp-block-image\"><figure class=\"aligncenter size-medium is-resized\"><img fetchpriority=\"high\" decoding=\"async\" src=\"https:\/\/lighthouse.jcloud-ver-jpc.ik-server.com\/wp-content\/uploads\/2021\/04\/giornata-della-terra-lino-2-810x1080.jpg\" alt=\"JOURN&#xC9;E DE LA TERRE LINO\" class=\"wp-image-32025\" width=\"608\" height=\"810\"\/><figcaption>Table en lin Pure Art<\/figcaption><\/figure><\/div>\n\n<h3 class=\"wp-block-heading\">Le tissu de lin \u00e9cologique en vedette dans l&rsquo;\u00e9v\u00e9nement du jour !<\/h3>\n\n<p>Le <strong>lin<\/strong> est un tissu de tr\u00e8s haute qualit\u00e9, g\u00e9n\u00e9ralement obtenu \u00e0 partir de r\u00e9coltes qui n&rsquo;ont pas atteint leur pleine maturit\u00e9 dans des sols profonds et alluviaux. Un territoire remarquablement florissant pour la r\u00e9colte de cette<strong> fibre d&rsquo;excellence<\/strong> est certainement l&rsquo;\u00c9gypte, mais parmi les meilleures r\u00e9gions pour sa mac\u00e9ration se trouvent \u00e9galement la Belgique (mac\u00e9ration dans la rivi\u00e8re Lys), la Hollande, l&rsquo;Irlande, la France et l&rsquo;Italie du Nord. Et c&rsquo;est pr\u00e9cis\u00e9ment d&rsquo;ici, d&rsquo;Italie, que provient la majeure partie du<strong> lin naturel <\/strong>que j&rsquo;ai choisi d&rsquo;inclure dans ma s\u00e9lection de v\u00eatements et de linge de maison. Gr\u00e2ce \u00e0 la collaboration avec <strong>Arte Pura<\/strong>, la ligne de <strong>textile d&rsquo;int\u00e9rieur <\/strong>de la cr\u00e9atrice Daniela Dallavalle, j&rsquo;ai d\u00e9couvert le tissu le plus noble, le plus d\u00e9licat et, comme si cela ne suffisait pas, le plus respectueux de l&rsquo;environnement que l&rsquo;on puisse trouver ! Les cr\u00e9ations d&rsquo;Arte Pura, toutes <strong>r\u00e9alis\u00e9es \u00e0 la main <\/strong>par des <strong>artisans <\/strong>qualifi\u00e9s <strong>, <\/strong>utilisent du lin collect\u00e9 et trait\u00e9 en Italie, parfois associ\u00e9 \u00e0 une dentelle italienne originale et \u00e0 des <strong>pigments min\u00e9raux naturels <\/strong>exclusifs pour une touche de couleur.<\/p>\n\n<h3 class=\"wp-block-heading\">Pourquoi le lin est-il le meilleur tissu pour notre peau ?<\/h3>\n\n<p>Le lin est le <strong>tissu id\u00e9al pour l&rsquo;\u00e9t\u00e9 comme pour l&rsquo;hiver<\/strong>: ses fibres, creuses, sont capables de transporter l&rsquo;air et l&rsquo;humidit\u00e9 de mani\u00e8re naturelle, ce qui lui permet de <strong>conserver facilement la chaleur<\/strong>, en particulier lorsqu&rsquo;il est en contact direct avec la peau. Au contraire, \u00e9tant un <strong>tissu tr\u00e8s respirant<\/strong>, le lin favorise une plus grande sensation de fra\u00eecheur pendant l&rsquo;\u00e9t\u00e9, ce qui apporte d&rsquo;innombrables avantages suppl\u00e9mentaires. Parfait pour tous ceux qui ont des probl\u00e8mes d&rsquo;allergie \u00e0 la poussi\u00e8re ou aux acariens, il semblerait aussi que le lin, justement parce qu&rsquo;il <strong>n&rsquo;est pas allergisant<\/strong>, puisse avoir des propri\u00e9t\u00e9s cicatrisantes et apaisantes dans certains cas de <strong>dermatite<\/strong>!<\/p>\n\n<div class=\"wp-block-image\"><figure class=\"aligncenter size-medium is-resized\"><img decoding=\"async\" src=\"https:\/\/lighthouse.jcloud-ver-jpc.ik-server.com\/wp-content\/uploads\/2021\/04\/camicia-lino-1-607x1080.jpg\" alt=\"chemise en dentelle de lin pur cornely art\" class=\"wp-image-32029\" width=\"455\" height=\"810\"\/><figcaption>Cornely Art - Chemise en lin pur et dentelle<\/figcaption><\/figure><\/div>\n\n<blockquote class=\"wp-block-quote is-layout-flow wp-block-quote-is-layout-flow\"><p>D\u00e9couvrez la <a rel=\"noopener\" href=\"https:\/\/lighthouse.jcloud-ver-jpc.ik-server.com\/prodotto\/camicia-pizzo-cornely\/\" target=\"_blank\">chemise en lin et dentelle Cornely d&rsquo;Arte Pura<\/a> dans ma boutique !<\/p><\/blockquote>\n\n<h3 class=\"wp-block-heading\">De la plante de lin \u00e0 la lutte contre la pollution !<\/h3>\n\n<p>En bref, nous disposons de vastes connaissances et d&rsquo;innombrables comp\u00e9tences pour  <strong>prendre soin de la plan\u00e8te<\/strong>  Je suis persuad\u00e9 que tous ensemble, nous pouvons atteindre des r\u00e9sultats incroyables&#8230; Mon objectif est de transmettre le plus d&rsquo;informations possible aux citoyens de l&rsquo;Union.<strong>  les nouvelles g\u00e9n\u00e9rations de filles<\/strong>les femmes et les m\u00e8res de demain qui me suivent, de partager avec elles le plus de conscience et de connaissances possibles pour accomplir les t\u00e2ches qui m&rsquo;incombent.  <strong>choix \u00e9thiques<\/strong>. Outre le design, qui est le premier aspect capable de faire appel \u00e0 nos sens et de faire battre notre c\u0153ur, nous pouvons d\u00e9cider d&rsquo;habiller notre maison, notre monde et, enfin, notre corps, avec une fibre noble, des <strong>tissus \u00e9cologiques <\/strong>et sans cruaut\u00e9.<\/p>\n\n<p>Engageons-nous chaque jour \u00e0 contribuer \u00e0 changer le monde&#8230; peut-\u00eatre m\u00eame en commen\u00e7ant par une <strong>serviette en lin<\/strong> \u00e0 la fois !<\/p>\n\n<p><\/p>\n","protected":false},"excerpt":{"rendered":"<p>\u00c0 l&rsquo;occasion de la Journ\u00e9e de la Terre 2021, je vais vous parler d&rsquo;un tissu \u00e9cologique qui est bon pour l&rsquo;environnement et pour votre peau : le lin. L&rsquo;\u00e9v\u00e9nement du jour, la Journ\u00e9e de la Terre 2021 ou Journ\u00e9e mondiale de la Terre, est un \u00e9v\u00e9nement international dont l&rsquo;objectif est de sensibiliser le monde \u00e0 [&hellip;]<\/p>\n","protected":false},"author":1,"featured_media":0,"comment_status":"open","ping_status":"closed","sticky":false,"template":"","format":"standard","meta":{"_seopress_robots_primary_cat":"872","_seopress_titles_title":"Journ\u00e9e de la Terre 2021 : l'\u00e9co-tissu pour la maison","_seopress_titles_desc":"\u00c0 l'occasion de la Journ\u00e9e de la Terre 2021, je vous parlerai du tissu \u00e9cologique qui est bon pour l'environnement et pour votre peau. D\u00e9couvrez avec moi le lin et ses propri\u00e9t\u00e9s.","_seopress_robots_index":"","_jetpack_memberships_contains_paid_content":false,"footnotes":""},"categories":[3411,3479],"tags":[3575,3574,3576,3533],"class_list":{"0":"post-115036","1":"post","2":"type-post","3":"status-publish","4":"format-standard","6":"category-non-classifiee","7":"category-philosophie-fr","8":"tag-journeeinternationale2021","9":"tag-landday2021","10":"tag-worlddays","11":"tag-lino-fr"},"jetpack_featured_media_url":"","jetpack_sharing_enabled":true,"_links":{"self":[{"href":"https:\/\/lighthouselocarno.ch\/fr\/wp-json\/wp\/v2\/posts\/115036","targetHints":{"allow":["GET"]}}],"collection":[{"href":"https:\/\/lighthouselocarno.ch\/fr\/wp-json\/wp\/v2\/posts"}],"about":[{"href":"https:\/\/lighthouselocarno.ch\/fr\/wp-json\/wp\/v2\/types\/post"}],"author":[{"embeddable":true,"href":"https:\/\/lighthouselocarno.ch\/fr\/wp-json\/wp\/v2\/users\/1"}],"replies":[{"embeddable":true,"href":"https:\/\/lighthouselocarno.ch\/fr\/wp-json\/wp\/v2\/comments?post=115036"}],"version-history":[{"count":0,"href":"https:\/\/lighthouselocarno.ch\/fr\/wp-json\/wp\/v2\/posts\/115036\/revisions"}],"wp:attachment":[{"href":"https:\/\/lighthouselocarno.ch\/fr\/wp-json\/wp\/v2\/media?parent=115036"}],"wp:term":[{"taxonomy":"category","embeddable":true,"href":"https:\/\/lighthouselocarno.ch\/fr\/wp-json\/wp\/v2\/categories?post=115036"},{"taxonomy":"post_tag","embeddable":true,"href":"https:\/\/lighthouselocarno.ch\/fr\/wp-json\/wp\/v2\/tags?post=115036"}],"curies":[{"name":"wp","href":"https:\/\/api.w.org\/{rel}","templated":true}]}}