{"id":115052,"date":"2021-07-15T10:44:03","date_gmt":"2021-07-15T10:44:03","guid":{"rendered":"https:\/\/lighthouselocarno.ch\/que-faut-il-emporter-en-vacances-la-valise-ideale\/"},"modified":"2023-07-20T10:06:45","modified_gmt":"2023-07-20T10:06:45","slug":"que-faut-il-emporter-en-vacances-la-valise-ideale","status":"publish","type":"post","link":"https:\/\/lighthouselocarno.ch\/fr\/que-faut-il-emporter-en-vacances-la-valise-ideale\/","title":{"rendered":"Que faut-il emporter en vacances : la valise id\u00e9ale"},"content":{"rendered":"\n<p>Vous \u00eates sur le point de partir et vous ne savez pas comment faire votre valise ?<\/p>\n\n<p>Si vous faites \u00e9galement partie de ce groupe de personnes qui paniquent lorsqu&rsquo;elles sont confront\u00e9es \u00e0 la pr\u00e9paration de leur d\u00e9part, je vous recommande de lire cet article. Je vous sugg\u00e8re ce qu&rsquo;il faut <strong>emporter en vacances<\/strong> et <strong>comment pr\u00e9parer la valise id\u00e9ale<\/strong> pour tout type de d\u00e9part, que ce soit \u00e0 la mer, \u00e0 la montagne ou m\u00eame pour un court week-end. Je vous montrerai ce qu&rsquo;il faut emporter et ce qu&rsquo;il faut acheter pour que vous ayez toujours tout ce dont vous avez besoin sans avoir \u00e0 transporter des valises inutilement lourdes.<\/p>\n\n<h2 class=\"wp-block-heading\" id=\"cosa-mettere-in-valigia-gli-essenziali\">L&rsquo;essentiel \u00e0 emporter<\/h2>\n\n<p>Que vous partiez \u00e0 la plage, \u00e0 la montagne ou en ville, il y a des v\u00eatements, des chaussures et des accessoires indispensables dont vous ne pourrez pas vous passer en vacances.<\/p>\n\n<p>Tout d&rsquo;abord, o\u00f9 que vous alliez, vous devrez emporter une <strong>trousse de beaut\u00e9<\/strong>. Si vous voyagez en voiture ou en train, ou si vous avez la possibilit\u00e9 de mettre une valise en soute, vous pouvez emporter une trousse de beaut\u00e9 spacieuse avec tout votre maquillage, vos cr\u00e8mes hydratantes et des accessoires utiles pour ne pas interrompre votre routine beaut\u00e9.<\/p>\n\n<p>Le <strong>Beauty Case avec d\u00e9coration en forme de c\u0153ur d&rsquo;<\/strong> Arte Pura est une solution \u00e0 la fois spacieuse et compacte.<\/p>\n<div data-block-name=\"woocommerce\/handpicked-products\" data-products=\"[122808,122710]\" class=\"wc-block-grid wp-block-handpicked-products wp-block-woocommerce-handpicked-products wc-block-handpicked-products has-3-columns has-multiple-rows\"><ul class=\"wc-block-grid__products\"><li class=\"wc-block-grid__product\">\n\t\t\t\t<a href=\"https:\/\/lighthouselocarno.ch\/fr\/produit\/bulletin-de-beaute\/\" class=\"wc-block-grid__product-link\">\n\t\t\t\t\t\n\t\t\t\t\t<div class=\"wc-block-grid__product-image\"><img fetchpriority=\"high\" decoding=\"async\" width=\"300\" height=\"300\" src=\"https:\/\/lighthouselocarno.ch\/wp-content\/uploads\/2022\/03\/5E7A6B10-6750-4E1F-A852-A3496C307446-scaled-1-300x300.jpeg\" class=\"attachment-woocommerce_thumbnail size-woocommerce_thumbnail\" alt=\"Beauty case avec broderie\" srcset=\"https:\/\/lighthouselocarno.ch\/wp-content\/uploads\/2022\/03\/5E7A6B10-6750-4E1F-A852-A3496C307446-scaled-1-300x300.jpeg 300w, https:\/\/lighthouselocarno.ch\/wp-content\/uploads\/2022\/03\/5E7A6B10-6750-4E1F-A852-A3496C307446-scaled-1-100x100.jpeg 100w, https:\/\/lighthouselocarno.ch\/wp-content\/uploads\/2022\/03\/5E7A6B10-6750-4E1F-A852-A3496C307446-scaled-1-150x150.jpeg 150w, https:\/\/lighthouselocarno.ch\/wp-content\/uploads\/2022\/03\/5E7A6B10-6750-4E1F-A852-A3496C307446-scaled-1-320x320.jpeg 320w, https:\/\/lighthouselocarno.ch\/wp-content\/uploads\/2022\/03\/5E7A6B10-6750-4E1F-A852-A3496C307446-scaled-1-800x800.jpeg 800w\" sizes=\"(max-width: 300px) 100vw, 300px\" \/><\/div>\n\t\t\t\t\t<div class=\"wc-block-grid__product-title\">Beauty case avec broderie<\/div>\n\t\t\t\t<\/a>\n\t\t\t\t<div class=\"wc-block-grid__product-price price\"><span class=\"woocommerce-Price-amount amount\">119,00&nbsp;<span class=\"woocommerce-Price-currencySymbol\">&#067;&#072;&#070;<\/span><\/span><\/div>\n\t\t\t\t\n\t\t\t\t<div class=\"wp-block-button wc-block-grid__product-add-to-cart\"><a href=\"\/fr\/wp-json\/wp\/v2\/posts\/115052?add-to-cart=122808\" aria-label=\"Ajouter au panier\u00a0: &ldquo;Beauty case avec broderie&rdquo;\" data-quantity=\"1\" data-product_id=\"122808\" data-product_sku=\"\" data-price=\"119\" rel=\"nofollow\" class=\"wp-block-button__link  add_to_cart_button ajax_add_to_cart\">Ajouter au panier<\/a><\/div>\n\t\t\t<\/li><li class=\"wc-block-grid__product\">\n\t\t\t\t<a href=\"https:\/\/lighthouselocarno.ch\/fr\/produit\/beaute-maison-avec-coeur\/\" class=\"wc-block-grid__product-link\">\n\t\t\t\t\t\n\t\t\t\t\t<div class=\"wc-block-grid__product-image\"><img decoding=\"async\" width=\"300\" height=\"300\" src=\"https:\/\/lighthouselocarno.ch\/wp-content\/uploads\/2022\/03\/2407CC6D-9A1F-4AC8-8DB7-68FCE2F39817-scaled-1-300x300.jpeg\" class=\"attachment-woocommerce_thumbnail size-woocommerce_thumbnail\" alt=\"Trousse de beaut\u00e9 avec c\u0153ur\" srcset=\"https:\/\/lighthouselocarno.ch\/wp-content\/uploads\/2022\/03\/2407CC6D-9A1F-4AC8-8DB7-68FCE2F39817-scaled-1-300x300.jpeg 300w, https:\/\/lighthouselocarno.ch\/wp-content\/uploads\/2022\/03\/2407CC6D-9A1F-4AC8-8DB7-68FCE2F39817-scaled-1-100x100.jpeg 100w, https:\/\/lighthouselocarno.ch\/wp-content\/uploads\/2022\/03\/2407CC6D-9A1F-4AC8-8DB7-68FCE2F39817-scaled-1-150x150.jpeg 150w, https:\/\/lighthouselocarno.ch\/wp-content\/uploads\/2022\/03\/2407CC6D-9A1F-4AC8-8DB7-68FCE2F39817-scaled-1-320x320.jpeg 320w, https:\/\/lighthouselocarno.ch\/wp-content\/uploads\/2022\/03\/2407CC6D-9A1F-4AC8-8DB7-68FCE2F39817-scaled-1-800x800.jpeg 800w\" sizes=\"(max-width: 300px) 100vw, 300px\" \/><\/div>\n\t\t\t\t\t<div class=\"wc-block-grid__product-title\">Trousse de beaut\u00e9 avec c\u0153ur<\/div>\n\t\t\t\t<\/a>\n\t\t\t\t<div class=\"wc-block-grid__product-price price\"><span class=\"woocommerce-Price-amount amount\">98,00&nbsp;<span class=\"woocommerce-Price-currencySymbol\">&#067;&#072;&#070;<\/span><\/span><\/div>\n\t\t\t\t\n\t\t\t\t<div class=\"wp-block-button wc-block-grid__product-add-to-cart\"><a href=\"\/fr\/wp-json\/wp\/v2\/posts\/115052?add-to-cart=122710\" aria-label=\"Ajouter au panier\u00a0: &ldquo;Trousse de beaut\u00e9 avec c\u0153ur&rdquo;\" data-quantity=\"1\" data-product_id=\"122710\" data-product_sku=\"\" data-price=\"98\" rel=\"nofollow\" class=\"wp-block-button__link  add_to_cart_button ajax_add_to_cart\">Ajouter au panier<\/a><\/div>\n\t\t\t<\/li><\/ul><\/div>\n<p>Vous pouvez le remplir de produits ou ne l&rsquo;utiliser que pour le strict n\u00e9cessaire. Le tissu en<strong> pur lin<\/strong> s&rsquo;aplatit pour s&rsquo;adapter \u00e0 tous les types de bagages.<\/p>\n\n<p>Si vous avez peu de produits \u00e0 emporter, le <strong>sac<\/strong> <strong>Trousse <\/strong>ou le <strong>sac de paille<\/strong> sera parfait pour votre bagage \u00e0 main :<\/p>\n<div data-block-name=\"woocommerce\/handpicked-products\" data-products=\"[127905]\" class=\"wc-block-grid wp-block-handpicked-products wp-block-woocommerce-handpicked-products wc-block-handpicked-products has-3-columns has-multiple-rows\"><ul class=\"wc-block-grid__products\"><li class=\"wc-block-grid__product\">\n\t\t\t\t<a href=\"https:\/\/lighthouselocarno.ch\/fr\/produit\/trousse-grand\/\" class=\"wc-block-grid__product-link\">\n\t\t\t\t\t\n\t\t\t\t\t<div class=\"wc-block-grid__product-image\"><img decoding=\"async\" width=\"300\" height=\"300\" src=\"https:\/\/lighthouselocarno.ch\/wp-content\/uploads\/2022\/05\/amb-essential_K5_8950-1-300x300.jpg\" class=\"attachment-woocommerce_thumbnail size-woocommerce_thumbnail\" alt=\"Grande trousse\" srcset=\"https:\/\/lighthouselocarno.ch\/wp-content\/uploads\/2022\/05\/amb-essential_K5_8950-1-300x300.jpg 300w, https:\/\/lighthouselocarno.ch\/wp-content\/uploads\/2022\/05\/amb-essential_K5_8950-1-100x100.jpg 100w, https:\/\/lighthouselocarno.ch\/wp-content\/uploads\/2022\/05\/amb-essential_K5_8950-1-150x150.jpg 150w, https:\/\/lighthouselocarno.ch\/wp-content\/uploads\/2022\/05\/amb-essential_K5_8950-1-320x320.jpg 320w, https:\/\/lighthouselocarno.ch\/wp-content\/uploads\/2022\/05\/amb-essential_K5_8950-1-800x800.jpg 800w\" sizes=\"(max-width: 300px) 100vw, 300px\" \/><\/div>\n\t\t\t\t\t<div class=\"wc-block-grid__product-title\">Grande trousse<\/div>\n\t\t\t\t<\/a>\n\t\t\t\t<div class=\"wc-block-grid__product-price price\"><span class=\"woocommerce-Price-amount amount\">65,00&nbsp;<span class=\"woocommerce-Price-currencySymbol\">&#067;&#072;&#070;<\/span><\/span><\/div>\n\t\t\t\t\n\t\t\t\t<div class=\"wp-block-button wc-block-grid__product-add-to-cart\"><a href=\"https:\/\/lighthouselocarno.ch\/fr\/produit\/trousse-grand\/\" aria-label=\"S\u00e9lectionner les options pour &ldquo;Grande trousse&rdquo;\" data-quantity=\"1\" data-product_id=\"127905\" data-product_sku=\"AP6.497\" data-price=\"65\" rel=\"nofollow\" class=\"wp-block-button__link  add_to_cart_button\">Choix des options<\/a><\/div>\n\t\t\t<\/li><\/ul><\/div>\n<h2 class=\"wp-block-heading\" id=\"cosa-portare-in-vacanza-al-mare\">Que faut-il emporter en vacances au bord de la mer ?<\/h2>\n\n<p><strong>Pr\u00e9parer sa valise pour des vacances<\/strong> \u00e0 la plage est facile. Les bikinis, les maillots de bain une pi\u00e8ce et les sarongs sont peu encombrants, tout comme les <strong>robes d&rsquo;\u00e9t\u00e9 en lin<\/strong> ou en tissu l\u00e9ger.<\/p>\n\n<p>Choisissez soigneusement le nombre de bikinis, de sous-v\u00eatements, de par\u00e9os et de robes. Si vous avez une petite valise, je vous recommande de ne pas emporter plus de deux paires de chaussures, en \u00e9vitant les talons si vous savez d\u00e9j\u00e0 que vous ne pouvez pas les porter. N&rsquo;oubliez pas que les vacances sont faites pour se d\u00e9tendre : vous n&rsquo;avez pas envie de passer une semaine \u00e0 avoir mal aux pieds, n&rsquo;est-ce pas ?<\/p>\n\n<p>Les derni\u00e8res nouveaut\u00e9s de la ligne <strong>Amor y Odio<\/strong> sont des bikinis et des maillots de bain une pi\u00e8ce d\u00e9cor\u00e9s d&rsquo;une ar\u00eate de poisson fabriqu\u00e9e \u00e0 la main en Zama. Ce m\u00e9tal est parfait pour l&rsquo;\u00e9t\u00e9 car il ne s&rsquo;\u00e9chauffe pas au soleil et n&rsquo;est pas alt\u00e9r\u00e9 par le chlore ou le sel de mer.<\/p>\n<div data-block-name=\"woocommerce\/handpicked-products\" data-products=\"[119336,119329]\" class=\"wc-block-grid wp-block-handpicked-products wp-block-woocommerce-handpicked-products wc-block-handpicked-products has-3-columns has-multiple-rows\"><ul class=\"wc-block-grid__products\"><li class=\"wc-block-grid__product\">\n\t\t\t\t<a href=\"https:\/\/lighthouselocarno.ch\/fr\/produit\/bikini-corfu\/\" class=\"wc-block-grid__product-link\">\n\t\t\t\t\t\n\t\t\t\t\t<div class=\"wc-block-grid__product-image\"><img loading=\"lazy\" decoding=\"async\" width=\"300\" height=\"300\" src=\"https:\/\/lighthouselocarno.ch\/wp-content\/uploads\/2022\/03\/12-300x300.jpg\" class=\"attachment-woocommerce_thumbnail size-woocommerce_thumbnail\" alt=\"Bikini Corfu cuivre ou noir - Amor y Odio\" srcset=\"https:\/\/lighthouselocarno.ch\/wp-content\/uploads\/2022\/03\/12-300x300.jpg 300w, https:\/\/lighthouselocarno.ch\/wp-content\/uploads\/2022\/03\/12-100x100.jpg 100w, https:\/\/lighthouselocarno.ch\/wp-content\/uploads\/2022\/03\/12-150x150.jpg 150w, https:\/\/lighthouselocarno.ch\/wp-content\/uploads\/2022\/03\/12-320x320.jpg 320w, https:\/\/lighthouselocarno.ch\/wp-content\/uploads\/2022\/03\/12-800x800.jpg 800w\" sizes=\"(max-width: 300px) 100vw, 300px\" \/><\/div>\n\t\t\t\t\t<div class=\"wc-block-grid__product-title\">Bikini Corfou<\/div>\n\t\t\t\t<\/a>\n\t\t\t\t<div class=\"wc-block-grid__product-price price\"><span class=\"woocommerce-Price-amount amount\">149,00&nbsp;<span class=\"woocommerce-Price-currencySymbol\">&#067;&#072;&#070;<\/span><\/span><\/div>\n\t\t\t\t\n\t\t\t\t<div class=\"wp-block-button wc-block-grid__product-add-to-cart\"><a href=\"https:\/\/lighthouselocarno.ch\/fr\/produit\/bikini-corfu\/\" aria-label=\"S\u00e9lectionner les options pour &ldquo;Bikini Corfou&rdquo;\" data-quantity=\"1\" data-product_id=\"119336\" data-product_sku=\"\" data-price=\"149\" rel=\"nofollow\" class=\"wp-block-button__link  add_to_cart_button\">Choix des options<\/a><\/div>\n\t\t\t<\/li><li class=\"wc-block-grid__product\">\n\t\t\t\t<a href=\"https:\/\/lighthouselocarno.ch\/fr\/produit\/costume-interieur-zanzibar\/\" class=\"wc-block-grid__product-link\">\n\t\t\t\t\t\n\t\t\t\t\t<div class=\"wc-block-grid__product-image\"><img loading=\"lazy\" decoding=\"async\" width=\"300\" height=\"300\" src=\"https:\/\/lighthouselocarno.ch\/wp-content\/uploads\/2022\/03\/6-300x300.jpg\" class=\"attachment-woocommerce_thumbnail size-woocommerce_thumbnail\" alt=\"Maillot de bain une pi\u00e8ce pour femmes Zanzibar\" srcset=\"https:\/\/lighthouselocarno.ch\/wp-content\/uploads\/2022\/03\/6-300x300.jpg 300w, https:\/\/lighthouselocarno.ch\/wp-content\/uploads\/2022\/03\/6-100x100.jpg 100w, https:\/\/lighthouselocarno.ch\/wp-content\/uploads\/2022\/03\/6-150x150.jpg 150w, https:\/\/lighthouselocarno.ch\/wp-content\/uploads\/2022\/03\/6-320x320.jpg 320w, https:\/\/lighthouselocarno.ch\/wp-content\/uploads\/2022\/03\/6-800x800.jpg 800w\" sizes=\"(max-width: 300px) 100vw, 300px\" \/><\/div>\n\t\t\t\t\t<div class=\"wc-block-grid__product-title\">Maillot de bain une pi\u00e8ce Zanzibar<\/div>\n\t\t\t\t<\/a>\n\t\t\t\t<div class=\"wc-block-grid__product-price price\"><span class=\"woocommerce-Price-amount amount\">139,00&nbsp;<span class=\"woocommerce-Price-currencySymbol\">&#067;&#072;&#070;<\/span><\/span><\/div>\n\t\t\t\t\n\t\t\t\t<div class=\"wp-block-button wc-block-grid__product-add-to-cart\"><a href=\"https:\/\/lighthouselocarno.ch\/fr\/produit\/costume-interieur-zanzibar\/\" aria-label=\"S\u00e9lectionner les options pour &ldquo;Maillot de bain une pi\u00e8ce Zanzibar&rdquo;\" data-quantity=\"1\" data-product_id=\"119329\" data-product_sku=\"\" data-price=\"139\" rel=\"nofollow\" class=\"wp-block-button__link  add_to_cart_button\">Choix des options<\/a><\/div>\n\t\t\t<\/li><\/ul><\/div>\n<p>N&rsquo;oubliez pas votre sarong ou une couverture ! Le magnifique <strong>kimono en dentelle d&rsquo;<\/strong> Amor y Odio prend tr\u00e8s peu de place dans votre valise, ne se froisse pas et est parfait pour les ap\u00e9ritifs sur la plage. Ou cr\u00e9ez votre propre look de plage avec la magnifique <strong>robe camisole<\/strong> dot\u00e9e d&rsquo;une \u00e9charpe <strong>sarong<\/strong> \u00e0 nouer sur la hanche gauche.<\/p>\n<div data-block-name=\"woocommerce\/handpicked-products\" data-products=\"[119382,128785]\" class=\"wc-block-grid wp-block-handpicked-products wp-block-woocommerce-handpicked-products wc-block-handpicked-products has-3-columns has-multiple-rows\"><ul class=\"wc-block-grid__products\"><li class=\"wc-block-grid__product\">\n\t\t\t\t<a href=\"https:\/\/lighthouselocarno.ch\/fr\/produit\/tests\/\" class=\"wc-block-grid__product-link\">\n\t\t\t\t\t<div class=\"wc-block-grid__product-onsale\">\n\t\t\t<span aria-hidden=\"true\">Promo<\/span>\n\t\t\t<span class=\"screen-reader-text\">Produit en promotion<\/span>\n\t\t<\/div>\n\t\t\t\t\t<div class=\"wc-block-grid__product-image\"><img loading=\"lazy\" decoding=\"async\" width=\"300\" height=\"300\" src=\"https:\/\/lighthouselocarno.ch\/wp-content\/uploads\/2022\/06\/735B72D6-5E3C-4766-9DA2-A9E4C8EA7118-scaled-300x300.jpeg\" class=\"attachment-woocommerce_thumbnail size-woocommerce_thumbnail\" alt=\"Robe sarong\" srcset=\"https:\/\/lighthouselocarno.ch\/wp-content\/uploads\/2022\/06\/735B72D6-5E3C-4766-9DA2-A9E4C8EA7118-scaled-300x300.jpeg 300w, https:\/\/lighthouselocarno.ch\/wp-content\/uploads\/2022\/06\/735B72D6-5E3C-4766-9DA2-A9E4C8EA7118-scaled-100x100.jpeg 100w, https:\/\/lighthouselocarno.ch\/wp-content\/uploads\/2022\/06\/735B72D6-5E3C-4766-9DA2-A9E4C8EA7118-150x150.jpeg 150w, https:\/\/lighthouselocarno.ch\/wp-content\/uploads\/2022\/06\/735B72D6-5E3C-4766-9DA2-A9E4C8EA7118-320x320.jpeg 320w, https:\/\/lighthouselocarno.ch\/wp-content\/uploads\/2022\/06\/735B72D6-5E3C-4766-9DA2-A9E4C8EA7118-800x800.jpeg 800w\" sizes=\"(max-width: 300px) 100vw, 300px\" \/><\/div>\n\t\t\t\t\t<div class=\"wc-block-grid__product-title\">Robe sarong<\/div>\n\t\t\t\t<\/a>\n\t\t\t\t<div class=\"wc-block-grid__product-price price\"><del aria-hidden=\"true\"><span class=\"woocommerce-Price-amount amount\">229,00&nbsp;<span class=\"woocommerce-Price-currencySymbol\">&#067;&#072;&#070;<\/span><\/span><\/del> <span class=\"screen-reader-text\">Le prix initial \u00e9tait\u00a0: 229,00&nbsp;&#067;&#072;&#070;.<\/span><ins aria-hidden=\"true\"><span class=\"woocommerce-Price-amount amount\">183,20&nbsp;<span class=\"woocommerce-Price-currencySymbol\">&#067;&#072;&#070;<\/span><\/span><\/ins><span class=\"screen-reader-text\">Le prix actuel est\u00a0: 183,20&nbsp;&#067;&#072;&#070;.<\/span><\/div>\n\t\t\t\t\n\t\t\t\t<div class=\"wp-block-button wc-block-grid__product-add-to-cart\"><a href=\"https:\/\/lighthouselocarno.ch\/fr\/produit\/tests\/\" aria-label=\"S\u00e9lectionner les options pour &ldquo;Robe sarong&rdquo;\" data-quantity=\"1\" data-product_id=\"128785\" data-product_sku=\"\" data-price=\"183.2\" rel=\"nofollow\" class=\"wp-block-button__link  add_to_cart_button\">Choix des options<\/a><\/div>\n\t\t\t<\/li><li class=\"wc-block-grid__product\">\n\t\t\t\t<a href=\"https:\/\/lighthouselocarno.ch\/fr\/produit\/kimono-en-dentelle\/\" class=\"wc-block-grid__product-link\">\n\t\t\t\t\t\n\t\t\t\t\t<div class=\"wc-block-grid__product-image\"><img loading=\"lazy\" decoding=\"async\" width=\"300\" height=\"300\" src=\"https:\/\/lighthouselocarno.ch\/wp-content\/uploads\/2022\/03\/1-300x300.jpg\" class=\"attachment-woocommerce_thumbnail size-woocommerce_thumbnail\" alt=\"Kimono en dentelle\" srcset=\"https:\/\/lighthouselocarno.ch\/wp-content\/uploads\/2022\/03\/1-300x300.jpg 300w, https:\/\/lighthouselocarno.ch\/wp-content\/uploads\/2022\/03\/1-100x100.jpg 100w, https:\/\/lighthouselocarno.ch\/wp-content\/uploads\/2022\/03\/1-150x150.jpg 150w, https:\/\/lighthouselocarno.ch\/wp-content\/uploads\/2022\/03\/1-320x320.jpg 320w, https:\/\/lighthouselocarno.ch\/wp-content\/uploads\/2022\/03\/1-800x800.jpg 800w\" sizes=\"(max-width: 300px) 100vw, 300px\" \/><\/div>\n\t\t\t\t\t<div class=\"wc-block-grid__product-title\">Kimono en dentelle<\/div>\n\t\t\t\t<\/a>\n\t\t\t\t<div class=\"wc-block-grid__product-price price\"><span class=\"woocommerce-Price-amount amount\">139,00&nbsp;<span class=\"woocommerce-Price-currencySymbol\">&#067;&#072;&#070;<\/span><\/span><\/div>\n\t\t\t\t\n\t\t\t\t<div class=\"wp-block-button wc-block-grid__product-add-to-cart\"><a href=\"https:\/\/lighthouselocarno.ch\/fr\/produit\/kimono-en-dentelle\/\" aria-label=\"S\u00e9lectionner les options pour &ldquo;Kimono en dentelle&rdquo;\" data-quantity=\"1\" data-product_id=\"119382\" data-product_sku=\"\" data-price=\"139\" rel=\"nofollow\" class=\"wp-block-button__link  add_to_cart_button\">Choix des options<\/a><\/div>\n\t\t\t<\/li><\/ul><\/div>\n<h2 class=\"wp-block-heading\" id=\"cosa-portare-in-montagna-o-in-citta\">Que faut-il emporter \u00e0 la montagne ou \u00e0 la ville ?<\/h2>\n\n<p>Si vous <strong>faites votre valise pour des vacances \u00e0 la montagne<\/strong> ou en ville, nous vous conseillons de choisir avec soin les v\u00eatements que vous emportez.<\/p>\n\n<p>Tout d&rsquo;abord, il faut choisir les chaussures \u00e0 porter. Surtout si vous partez \u00e0 la montagne, une paire de baskets ou de chaussures de randonn\u00e9e ne doit pas manquer. Emportez-les m\u00eame si vous allez en ville : ils vous aideront \u00e0 supporter les longues marches au soleil.<\/p>\n\n<p>Pour vous promener en ville, vous pouvez \u00e9galement opter pour <strong>\n  <a href=\"https:\/\/lighthouselocarno.ch\/prodotti\/sandalo-sparkly-oro\/\">des sandales confortables<\/a>\n<\/strong>avec un petit talon pour soutenir la cheville et une semelle int\u00e9rieure confortable. Jetez un coup d&rsquo;\u0153il \u00e0 la <a href=\"https:\/\/lighthouselocarno.ch\/product-category\/fashion\/accessori\/scarpe\/\">\n  <strong>ligne de chaussures<\/strong>\n<\/a>.<\/p>\n\n<h3 class=\"wp-block-heading\" id=\"valigia-per-un-weekend-fuori-porta\">Valise pour un week-end<\/h3>\n\n<p><strong>Faire sa valise pour un week-end<\/strong>, surtout en \u00e9t\u00e9, sera facile.<\/p>\n\n<p>Je vous conseille de mettre dans vos bagages quelques objets fonctionnels, en suivant les conseils que j&rsquo;ai donn\u00e9s jusqu&rsquo;\u00e0 pr\u00e9sent. Privil\u00e9gier<strong>\n  <a href=\"https:\/\/lighthouselocarno.ch\/prodotti\/abito-ad-incrocio-modello-a-portafoglio\/\"> des v\u00eatements polyvalents<\/a>\n<\/strong>qui peuvent \u00eatre adapt\u00e9s \u00e0 plusieurs occasions, surtout si vous disposez d&rsquo;un service de blanchisserie rapide !<\/p>\n\n<p>Les <strong>\n  <a href=\"https:\/\/lighthouselocarno.ch\/prodotti\/mini-abito-in-pizzo-nero-pho-firenze\/\">robes d&rsquo;\u00e9t\u00e9<\/a>\n<\/strong> sont un v\u00e9ritable exemple de polyvalence. Fabriqu\u00e9es en tissu l\u00e9ger, elles sont parfaites pour la plage comme couverture et pour le soir, m\u00eame lorsqu&rsquo;elles sont associ\u00e9es \u00e0 un pantalon pratique :<\/p>\n\n<p>En r\u00e9sum\u00e9, le mot cl\u00e9 pour choisir <strong>ce que l&rsquo;on emporte en vacances<\/strong> est \u00abpolyvalence\u00bb.<\/p>\n\n<p>Apportez des v\u00eatements et des accessoires \u00e9l\u00e9gants mais \u00e0 la mode et vous profiterez de chaque instant de vos vacances.<\/p>\n\n<p>Ecrivez-moi dans le chat du site pour r\u00e9server une visite compl\u00e8te de ma boutique par appel vid\u00e9o : je vous aiderai \u00e0 choisir les v\u00eatements parfaits pour vous !<\/p>\n","protected":false},"excerpt":{"rendered":"<p>Vous \u00eates sur le point de partir et vous ne savez pas comment faire votre valise ? Si vous faites \u00e9galement partie de ce groupe de personnes qui paniquent lorsqu&rsquo;elles sont confront\u00e9es \u00e0 la pr\u00e9paration de leur d\u00e9part, je vous recommande de lire cet article. Je vous sugg\u00e8re ce qu&rsquo;il faut emporter en vacances et [&hellip;]<\/p>\n","protected":false},"author":1,"featured_media":132424,"comment_status":"open","ping_status":"closed","sticky":false,"template":"","format":"standard","meta":{"_seopress_robots_primary_cat":"none","_seopress_titles_title":"Cosa portare in vacanza: la valigia perfetta | Light House Locarno","_seopress_titles_desc":"Panico da preparazione valigia? Nel mio articolo ti suggerir\u00f2 cosa portare in vacanza e come preparare la valigia perfetta per qualsiasi tipo di partenza.","_seopress_robots_index":"","_jetpack_memberships_contains_paid_content":false,"footnotes":""},"categories":[3538,3479],"tags":[3662,3663,2427,3703,3661,3586,3587],"class_list":{"0":"post-115052","1":"post","2":"type-post","3":"status-publish","4":"format-standard","5":"has-post-thumbnail","7":"category-la-mode","8":"category-philosophie-fr","9":"tag-la-mode","10":"tag-la-mode-fr","11":"tag-lino","12":"tag-tendance","13":"tag-tendances-de-la-mode","14":"tag-vacances-dete","15":"tag-valise"},"jetpack_featured_media_url":"https:\/\/lighthouselocarno.ch\/wp-content\/uploads\/2021\/07\/preparare-la-valigia-estate.jpg","jetpack_sharing_enabled":true,"_links":{"self":[{"href":"https:\/\/lighthouselocarno.ch\/fr\/wp-json\/wp\/v2\/posts\/115052","targetHints":{"allow":["GET"]}}],"collection":[{"href":"https:\/\/lighthouselocarno.ch\/fr\/wp-json\/wp\/v2\/posts"}],"about":[{"href":"https:\/\/lighthouselocarno.ch\/fr\/wp-json\/wp\/v2\/types\/post"}],"author":[{"embeddable":true,"href":"https:\/\/lighthouselocarno.ch\/fr\/wp-json\/wp\/v2\/users\/1"}],"replies":[{"embeddable":true,"href":"https:\/\/lighthouselocarno.ch\/fr\/wp-json\/wp\/v2\/comments?post=115052"}],"version-history":[{"count":0,"href":"https:\/\/lighthouselocarno.ch\/fr\/wp-json\/wp\/v2\/posts\/115052\/revisions"}],"wp:featuredmedia":[{"embeddable":true,"href":"https:\/\/lighthouselocarno.ch\/fr\/wp-json\/wp\/v2\/media\/132424"}],"wp:attachment":[{"href":"https:\/\/lighthouselocarno.ch\/fr\/wp-json\/wp\/v2\/media?parent=115052"}],"wp:term":[{"taxonomy":"category","embeddable":true,"href":"https:\/\/lighthouselocarno.ch\/fr\/wp-json\/wp\/v2\/categories?post=115052"},{"taxonomy":"post_tag","embeddable":true,"href":"https:\/\/lighthouselocarno.ch\/fr\/wp-json\/wp\/v2\/tags?post=115052"}],"curies":[{"name":"wp","href":"https:\/\/api.w.org\/{rel}","templated":true}]}}